{"id":4128,"date":"2025-09-09T10:00:13","date_gmt":"2025-09-09T13:00:13","guid":{"rendered":"https:\/\/dosbarbas.cl\/web\/?p=4128"},"modified":"2025-12-02T21:34:21","modified_gmt":"2025-12-03T00:34:21","slug":"dos-barbas-y-ucn-firman-un-importante-convenio-de-colaboracion","status":"publish","type":"post","link":"https:\/\/dosbarbas.cl\/web\/dos-barbas-y-ucn-firman-un-importante-convenio-de-colaboracion\/","title":{"rendered":"Dos Barbas y UCN firman un importante convenio de colaboraci\u00f3n"},"content":{"rendered":"<blockquote>\n<h2 style=\"text-align: center;\"><span style=\"color: #99ccff;\"><strong>Ambas instituciones buscan fortalecer competencias laborales de la comunidad nortina.<\/strong><\/span><\/h2>\n<\/blockquote>\n<p>Colaboraci\u00f3n estrat\u00e9gica para fortalecer procesos de formaci\u00f3n, evaluaci\u00f3n y certificaci\u00f3n de competencias laborales, acordaron esta semana la <span style=\"color: #99ccff;\"><strong>Universidad Cat\u00f3lica del Norte (UCN)<\/strong><\/span> y <span style=\"color: #cc99ff;\"><strong>Acci\u00f3n para el Desarrollo Estrat\u00e9gico SpA (Dos Barbas)<\/strong><\/span>.<\/p>\n<p>El convenio firmado en Antofagasta entre la <span style=\"color: #99ccff;\"><strong>rectora de la UCN<\/strong><\/span>, <span style=\"color: #99ccff;\"><strong>Dra. Mar\u00eda Cecilia Hern\u00e1ndez<\/strong><\/span>, y el <span style=\"color: #cc99ff;\"><strong>representante legal y socio de Dos Barbas<\/strong><\/span>, <span style=\"color: #cc99ff;\"><strong>Rodrigo Reyes Gonz\u00e1lez<\/strong><\/span>, favorecer\u00e1 a personas de diversos sectores productivos. Esto, en el marco de los est\u00e1ndares establecidos por el Sistema Nacional de Certificaci\u00f3n de Competencias Laborales (ChileValora), la Ley N\u00b020.267; y la Ley N\u00b019518 del Sistema Nacional de Capacitaci\u00f3n y Empleo (Sence) que regula a los Organismos T\u00e9cnicos de Capacitaci\u00f3n (OTEC).<\/p>\n<p>La casa de estudios nortina materializar\u00e1 esta labor de alto impacto social a trav\u00e9s del trabajo de su Centro de Evaluaci\u00f3n y Certificaci\u00f3n de Competencias Laborales, UCN Certifica. De esta manera se compromete a facilitar el acceso a procesos de evaluaci\u00f3n y certificaci\u00f3n.<\/p>\n<p>Ambas partes asumir\u00e1n diversas acciones y compromisos que favorecer\u00e1n a una poblaci\u00f3n que est\u00e1 ubicada en diversos sectores de la zona norte del pa\u00eds. Lo anterior constituir\u00e1 un aporte concreto a la evaluaci\u00f3n y certificaci\u00f3n de las competencias de personas que ver\u00e1n ampliadas sus posibilidades de acceso al mundo laboral en distinto sectores productivos.<\/p>\n<p>Las modalidades de colaboraci\u00f3n incluyen acciones conjuntas como el dise\u00f1o e implementaci\u00f3n de rutas formativo-certificadoras; participaci\u00f3n en programas de Sence, OTIC, municipalidades, empresas u otros actores; realizaci\u00f3n de diagn\u00f3sticos territoriales sobre brechas de competencias laborales; y actividades de capacitaci\u00f3n, evaluaci\u00f3n, difusi\u00f3n y seguimiento en el territorio.<\/p>\n<p>Sobre los alcances de este acuerdo, la rectora de la UCN, <strong>Dra. Mar\u00eda Cecilia Hern\u00e1ndez<\/strong>, resalt\u00f3 la importancia del convenio. \u201c<em>Es una forma concreta de mostrar nuestra vinculaci\u00f3n con entes destacados en el mundo de la capacitaci\u00f3n y formaci\u00f3n de capital humano. Si bien como Universidad se nos reconoce como formadores de j\u00f3venes que est\u00e1n en pregrado y postgrado, la verdad es que nuestro inter\u00e9s tiene que ver con la formaci\u00f3n en general y con la capacitaci\u00f3n de la gente del Norte. Eso significa que capacitaciones de competencias son tan importantes y vitales como la misma carrera universitaria. En ese sentido, <span style=\"color: #ff6600;\"><strong>el relacionamiento con Dos Barbas hace esta sinergia y relacionamiento virtuoso<\/strong><\/span><\/em>\u201d, destac\u00f3 la autoridad.<\/p>\n<p>Por su parte, <strong>Rodrigo Reyes Gonz\u00e1lez de Dos Barbas<\/strong>, tambi\u00e9n resalt\u00f3 las proyecciones del acuerdo. \u201c<em>Hay un tema en la regi\u00f3n, sobre todo en el \u00e1mbito de la empleabilidad, donde las oportunidades se van creando en torno a la formaci\u00f3n y la apertura para que la gente logre nuevos conocimientos<\/em>\u201d, explicit\u00f3. Ello, junto con expresar que la certificaci\u00f3n es clave a la hora de poder conseguir un trabajo, porque no solamente sirve que existe un centro de vinculaci\u00f3n que lo lleve a la oportunidad laboral, sino que tambi\u00e9n que la empresa conf\u00ede en que esa persona tiene las competencias, y en ese aspecto la certificaci\u00f3n resulta clave para este proceso. \u201c<span style=\"color: #ff6600;\"><strong><em>Articularnos con la Universidad es clave para nosotros<\/em><\/strong><\/span>\u201d, a\u00f1adi\u00f3 el directivo, resaltando que para su empresa es relevante materializar y proyectar este convenio con la UCN.<\/p>\n<p>Esta idea fue complementada por la <span style=\"color: #99ccff;\"><strong>responsable del Centro de Evaluaci\u00f3n y Certificaci\u00f3n de Competencias Laborales de la UCN<\/strong><\/span>, <span style=\"color: #99ccff;\"><strong>Carolina Ostoic Lam<\/strong><\/span>, quien destac\u00f3 la labor que desarrolla la unidad: \u201c<em>En este caso lo que hacemos es reconocer la experiencia que tienen los trabajadores en toda su trayectoria laboral. Esa experiencia la evaluamos y le entregamos un certificado que acredita que cumple con un perfil ocupacional determinado por Chilevalora<\/em>\u201d.<\/p>\n<p>Agreg\u00f3 que esto se hace bajo ciertos est\u00e1ndares de calidad, donde el proceso de evaluaci\u00f3n cuenta de cuatro etapas: una prueba de conocimientos, una evaluaci\u00f3n de desempe\u00f1o te\u00f3rico-pr\u00e1ctico, la determinaci\u00f3n de su experiencia y trayectoria, y una evaluaci\u00f3n de su jefatura. Si son personas desempleadas o estudiantes lo pueden hacer a trav\u00e9s de un an\u00e1lisis de casos, que tiene que ver con una evaluaci\u00f3n de sus competencias transversales, como trabajo en equipo, iniciativa, efectividad que exigen los perfiles ocupacionales de ChileValora, especific\u00f3.<\/p>\n<p>Este convenio viene a consolidar una articulaci\u00f3n virtuosa que fortalece el proceso completo de formaci\u00f3n, abriendo m\u00e1s y mejores oportunidades de las personas que participan en programas de capacitaci\u00f3n, permiti\u00e9ndoles insertarse en el mercado laboral con la validaci\u00f3n de las competencias y conocimientos adquiridos.<\/p>\n<div id='gallery-1' class='gallery galleryid-4128 gallery-columns-3 gallery-size-thumbnail'><figure class='gallery-item'>\n\t\t\t<div class='gallery-icon landscape'>\n\t\t\t\t<a href='https:\/\/dosbarbas.cl\/web\/wp-content\/uploads\/2025\/09\/IMG_6094-scaled.jpg'><img decoding=\"async\" width=\"150\" height=\"150\" src=\"https:\/\/dosbarbas.cl\/web\/wp-content\/uploads\/2025\/09\/IMG_6094-150x150.jpg\" class=\"attachment-thumbnail size-thumbnail\" alt=\"\" \/><\/a>\n\t\t\t<\/div><\/figure><figure class='gallery-item'>\n\t\t\t<div class='gallery-icon landscape'>\n\t\t\t\t<a href='https:\/\/dosbarbas.cl\/web\/wp-content\/uploads\/2025\/09\/IMG_6071-scaled.jpg'><img decoding=\"async\" width=\"150\" height=\"150\" src=\"https:\/\/dosbarbas.cl\/web\/wp-content\/uploads\/2025\/09\/IMG_6071-150x150.jpg\" class=\"attachment-thumbnail size-thumbnail\" alt=\"\" \/><\/a>\n\t\t\t<\/div><\/figure><figure class='gallery-item'>\n\t\t\t<div class='gallery-icon landscape'>\n\t\t\t\t<a href='https:\/\/dosbarbas.cl\/web\/wp-content\/uploads\/2025\/12\/Foto-4-1024x769-1.webp'><img decoding=\"async\" width=\"150\" height=\"150\" src=\"https:\/\/dosbarbas.cl\/web\/wp-content\/uploads\/2025\/12\/Foto-4-1024x769-1-150x150.webp\" class=\"attachment-thumbnail size-thumbnail\" alt=\"\" \/><\/a>\n\t\t\t<\/div><\/figure><figure class='gallery-item'>\n\t\t\t<div class='gallery-icon landscape'>\n\t\t\t\t<a href='https:\/\/dosbarbas.cl\/web\/wp-content\/uploads\/2025\/09\/IMG_6051-scaled.jpg'><img loading=\"lazy\" decoding=\"async\" width=\"150\" height=\"150\" src=\"https:\/\/dosbarbas.cl\/web\/wp-content\/uploads\/2025\/09\/IMG_6051-150x150.jpg\" class=\"attachment-thumbnail size-thumbnail\" alt=\"\" \/><\/a>\n\t\t\t<\/div><\/figure><figure class='gallery-item'>\n\t\t\t<div class='gallery-icon landscape'>\n\t\t\t\t<a href='https:\/\/dosbarbas.cl\/web\/wp-content\/uploads\/2025\/09\/IMG_6080-scaled.jpg'><img loading=\"lazy\" decoding=\"async\" width=\"150\" height=\"150\" src=\"https:\/\/dosbarbas.cl\/web\/wp-content\/uploads\/2025\/09\/IMG_6080-150x150.jpg\" class=\"attachment-thumbnail size-thumbnail\" alt=\"\" \/><\/a>\n\t\t\t<\/div><\/figure><figure class='gallery-item'>\n\t\t\t<div class='gallery-icon landscape'>\n\t\t\t\t<a href='https:\/\/dosbarbas.cl\/web\/wp-content\/uploads\/2025\/09\/IMG_6083-scaled.jpg'><img loading=\"lazy\" decoding=\"async\" width=\"150\" height=\"150\" src=\"https:\/\/dosbarbas.cl\/web\/wp-content\/uploads\/2025\/09\/IMG_6083-150x150.jpg\" class=\"attachment-thumbnail size-thumbnail\" alt=\"\" \/><\/a>\n\t\t\t<\/div><\/figure><figure class='gallery-item'>\n\t\t\t<div class='gallery-icon landscape'>\n\t\t\t\t<a href='https:\/\/dosbarbas.cl\/web\/wp-content\/uploads\/2025\/09\/IMG_6106-scaled.jpg'><img loading=\"lazy\" decoding=\"async\" width=\"150\" height=\"150\" src=\"https:\/\/dosbarbas.cl\/web\/wp-content\/uploads\/2025\/09\/IMG_6106-150x150.jpg\" class=\"attachment-thumbnail size-thumbnail\" alt=\"\" \/><\/a>\n\t\t\t<\/div><\/figure><figure class='gallery-item'>\n\t\t\t<div class='gallery-icon landscape'>\n\t\t\t\t<a href='https:\/\/dosbarbas.cl\/web\/wp-content\/uploads\/2025\/09\/IMG_6117-scaled.jpg'><img loading=\"lazy\" decoding=\"async\" width=\"150\" height=\"150\" src=\"https:\/\/dosbarbas.cl\/web\/wp-content\/uploads\/2025\/09\/IMG_6117-150x150.jpg\" class=\"attachment-thumbnail size-thumbnail\" alt=\"\" \/><\/a>\n\t\t\t<\/div><\/figure><figure class='gallery-item'>\n\t\t\t<div class='gallery-icon landscape'>\n\t\t\t\t<a href='https:\/\/dosbarbas.cl\/web\/wp-content\/uploads\/2025\/12\/Foto-1-1024x769-1.webp'><img loading=\"lazy\" decoding=\"async\" width=\"150\" height=\"150\" src=\"https:\/\/dosbarbas.cl\/web\/wp-content\/uploads\/2025\/12\/Foto-1-1024x769-1-150x150.webp\" class=\"attachment-thumbnail size-thumbnail\" alt=\"\" \/><\/a>\n\t\t\t<\/div><\/figure><figure class='gallery-item'>\n\t\t\t<div class='gallery-icon landscape'>\n\t\t\t\t<a href='https:\/\/dosbarbas.cl\/web\/wp-content\/uploads\/2025\/09\/IMG_6126-scaled.jpg'><img loading=\"lazy\" decoding=\"async\" width=\"150\" height=\"150\" src=\"https:\/\/dosbarbas.cl\/web\/wp-content\/uploads\/2025\/09\/IMG_6126-150x150.jpg\" class=\"attachment-thumbnail size-thumbnail\" alt=\"\" \/><\/a>\n\t\t\t<\/div><\/figure><figure class='gallery-item'>\n\t\t\t<div class='gallery-icon landscape'>\n\t\t\t\t<a href='https:\/\/dosbarbas.cl\/web\/wp-content\/uploads\/2025\/12\/Foto-2-1024x769-1.webp'><img loading=\"lazy\" decoding=\"async\" width=\"150\" height=\"150\" src=\"https:\/\/dosbarbas.cl\/web\/wp-content\/uploads\/2025\/12\/Foto-2-1024x769-1-150x150.webp\" class=\"attachment-thumbnail size-thumbnail\" alt=\"\" \/><\/a>\n\t\t\t<\/div><\/figure><figure class='gallery-item'>\n\t\t\t<div class='gallery-icon landscape'>\n\t\t\t\t<a href='https:\/\/dosbarbas.cl\/web\/wp-content\/uploads\/2025\/09\/IMG_6130-scaled.jpg'><img loading=\"lazy\" decoding=\"async\" width=\"150\" height=\"150\" src=\"https:\/\/dosbarbas.cl\/web\/wp-content\/uploads\/2025\/09\/IMG_6130-150x150.jpg\" class=\"attachment-thumbnail size-thumbnail\" alt=\"\" \/><\/a>\n\t\t\t<\/div><\/figure><figure class='gallery-item'>\n\t\t\t<div class='gallery-icon landscape'>\n\t\t\t\t<a href='https:\/\/dosbarbas.cl\/web\/wp-content\/uploads\/2025\/12\/Foto-3-1024x769-1.webp'><img loading=\"lazy\" decoding=\"async\" width=\"150\" height=\"150\" src=\"https:\/\/dosbarbas.cl\/web\/wp-content\/uploads\/2025\/12\/Foto-3-1024x769-1-150x150.webp\" class=\"attachment-thumbnail size-thumbnail\" alt=\"\" \/><\/a>\n\t\t\t<\/div><\/figure><figure class='gallery-item'>\n\t\t\t<div class='gallery-icon landscape'>\n\t\t\t\t<a href='https:\/\/dosbarbas.cl\/web\/wp-content\/uploads\/2025\/09\/IMG_6139-scaled.jpg'><img loading=\"lazy\" decoding=\"async\" width=\"150\" height=\"150\" src=\"https:\/\/dosbarbas.cl\/web\/wp-content\/uploads\/2025\/09\/IMG_6139-150x150.jpg\" class=\"attachment-thumbnail size-thumbnail\" alt=\"\" \/><\/a>\n\t\t\t<\/div><\/figure><figure class='gallery-item'>\n\t\t\t<div class='gallery-icon landscape'>\n\t\t\t\t<a href='https:\/\/dosbarbas.cl\/web\/wp-content\/uploads\/2025\/09\/IMG_6150-scaled.jpg'><img loading=\"lazy\" decoding=\"async\" width=\"150\" height=\"150\" src=\"https:\/\/dosbarbas.cl\/web\/wp-content\/uploads\/2025\/09\/IMG_6150-150x150.jpg\" class=\"attachment-thumbnail size-thumbnail\" alt=\"\" \/><\/a>\n\t\t\t<\/div><\/figure>\n\t\t<\/div>\n\n<p>&nbsp;<\/p>\n","protected":false},"excerpt":{"rendered":"<p>Ambas instituciones buscan fortalecer competencias laborales de la comunidad nortina. Colaboraci\u00f3n estrat\u00e9gica para fortalecer procesos de formaci\u00f3n, evaluaci\u00f3n y certificaci\u00f3n de competencias laborales, acordaron esta semana la Universidad Cat\u00f3lica del Norte (UCN) y Acci\u00f3n para el Desarrollo Estrat\u00e9gico SpA (Dos Barbas). El convenio firmado en Antofagasta entre la rectora de la UCN, Dra. Mar\u00eda Cecilia [&hellip;]<\/p>\n","protected":false},"author":2,"featured_media":4156,"comment_status":"closed","ping_status":"closed","sticky":false,"template":"","format":"standard","meta":{"footnotes":""},"categories":[1],"tags":[],"class_list":["post-4128","post","type-post","status-publish","format-standard","has-post-thumbnail","hentry","category-sin-categoria"],"_links":{"self":[{"href":"https:\/\/dosbarbas.cl\/web\/wp-json\/wp\/v2\/posts\/4128","targetHints":{"allow":["GET"]}}],"collection":[{"href":"https:\/\/dosbarbas.cl\/web\/wp-json\/wp\/v2\/posts"}],"about":[{"href":"https:\/\/dosbarbas.cl\/web\/wp-json\/wp\/v2\/types\/post"}],"author":[{"embeddable":true,"href":"https:\/\/dosbarbas.cl\/web\/wp-json\/wp\/v2\/users\/2"}],"replies":[{"embeddable":true,"href":"https:\/\/dosbarbas.cl\/web\/wp-json\/wp\/v2\/comments?post=4128"}],"version-history":[{"count":8,"href":"https:\/\/dosbarbas.cl\/web\/wp-json\/wp\/v2\/posts\/4128\/revisions"}],"predecessor-version":[{"id":4162,"href":"https:\/\/dosbarbas.cl\/web\/wp-json\/wp\/v2\/posts\/4128\/revisions\/4162"}],"wp:featuredmedia":[{"embeddable":true,"href":"https:\/\/dosbarbas.cl\/web\/wp-json\/wp\/v2\/media\/4156"}],"wp:attachment":[{"href":"https:\/\/dosbarbas.cl\/web\/wp-json\/wp\/v2\/media?parent=4128"}],"wp:term":[{"taxonomy":"category","embeddable":true,"href":"https:\/\/dosbarbas.cl\/web\/wp-json\/wp\/v2\/categories?post=4128"},{"taxonomy":"post_tag","embeddable":true,"href":"https:\/\/dosbarbas.cl\/web\/wp-json\/wp\/v2\/tags?post=4128"}],"curies":[{"name":"wp","href":"https:\/\/api.w.org\/{rel}","templated":true}]}}