{"id":4226,"date":"2026-01-16T09:01:09","date_gmt":"2026-01-16T12:01:09","guid":{"rendered":"https:\/\/dosbarbas.cl\/web\/?p=4226"},"modified":"2026-01-21T23:34:13","modified_gmt":"2026-01-22T02:34:13","slug":"curso-de-tabiqueria-impulsa-nuevas-oportunidades-laborales-en-la-region","status":"publish","type":"post","link":"https:\/\/dosbarbas.cl\/web\/curso-de-tabiqueria-impulsa-nuevas-oportunidades-laborales-en-la-region\/","title":{"rendered":"CURSO DE TABIQUER\u00cdA IMPULSA NUEVAS OPORTUNIDADES LABORALES EN LA REGI\u00d3N"},"content":{"rendered":"<blockquote>\n<h2><span style=\"color: #ff6600;\">La iniciativa, impulsada por la C\u00e1mara Chilena de la Construcci\u00f3n Antofagasta junto a Empresas Guzm\u00e1n y Larra\u00edn, permiti\u00f3 que un grupo de estudiantes del Centro de Apoyo para la Integraci\u00f3n Social de Antofagasta finalizara con \u00e9xito su curso, fortaleciendo competencias laborales y apoyando procesos de reinserci\u00f3n social en la regi\u00f3n.<\/span><\/h2>\n<\/blockquote>\n<p>Con una emotiva ceremonia de cierre, se dio t\u00e9rmino al Curso de Tabiquer\u00eda con Enfoque en Obras Civiles, iniciativa de formaci\u00f3n impulsada por la C\u00e1mara Chilena de la Construcci\u00f3n (CChC) Antofagasta, en conjunto con Empresas Guzm\u00e1n y Larra\u00edn, orientada a fortalecer la empleabilidad y apoyar los procesos de reinserci\u00f3n social en la regi\u00f3n.<\/p>\n<p>La iniciativa estuvo dirigida a beneficiarios del Programa de Reinserci\u00f3n Social de Gendarmer\u00eda de Chile, a trav\u00e9s del Centro de Apoyo para la Integraci\u00f3n Social (CAIS) Antofagasta, programa formativo que permiti\u00f3 que 16 estudiantes, mujeres y hombres, concluyeran exitosamente su proceso de capacitaci\u00f3n, destacando una mujer dentro del grupo que complet\u00f3 el itinerario formativo.<\/p>\n<p>Durante la ceremonia participaron autoridades y representantes de las instituciones involucradas, entre ellas Jorge Maturana Hurtado, presidente del Consejo Social de la C\u00e1mara Chilena de la Construcci\u00f3n Antofagasta; N\u00e9stor Vacca Gaitero, jefe del CAIS Antofagasta; Osvaldo Delgado, encargado de obra de Empresas Guzm\u00e1n y Larra\u00edn; Jennifer Urrutia Toro, jefa del Centro Penitenciario Femenino de Antofagasta; y profesionales del CRS Antofagasta, quienes destacaron la importancia de seguir impulsando este tipo de programas de capacitaci\u00f3n con sentido social.<\/p>\n<p>\u201c<span style=\"color: #ff6600;\"><em>Creemos firmemente que la capacitaci\u00f3n en oficios, especialmente en \u00e1reas con alta demanda como la construcci\u00f3n y las obras civiles, es una herramienta concreta para generar segundas oportunidades, fortalecer la empleabilidad y facilitar procesos efectivos de reinserci\u00f3n social y laboral<\/em><\/span>\u201d, indic\u00f3 Maturana.<\/p>\n<p>La ejecuci\u00f3n del curso fue posible gracias al uso de la franquicia tributaria de SENCE, con la coordinaci\u00f3n de la OTIC de la C\u00e1mara Chilena de la Construcci\u00f3n para la gesti\u00f3n de recursos; en tanto, la implementaci\u00f3n t\u00e9cnica y pedag\u00f3gica estuvo a cargo de Dos Barbas, entidad especializada en programas de formaci\u00f3n y empleabilidad.<\/p>\n<p>Al respecto, desde las organizaciones participantes se relev\u00f3 que el contexto laboral de la Regi\u00f3n de Antofagasta presenta m\u00faltiples oportunidades en la industria de la construcci\u00f3n y otros sectores productivos, lo que hace fundamental contar con personas capacitadas, con competencias t\u00e9cnicas y habilidades que faciliten su inserci\u00f3n laboral y desarrollo de trayectorias sostenibles.<\/p>\n<p>La ceremonia concluy\u00f3 con la entrega de diplomas a las y los estudiantes que completaron el curso, marcando el cierre de una etapa clave en su proceso formativo y el inicio de nuevos desaf\u00edos personales y laborales.<\/p>\n","protected":false},"excerpt":{"rendered":"<p>La iniciativa, impulsada por la C\u00e1mara Chilena de la Construcci\u00f3n Antofagasta junto a Empresas Guzm\u00e1n y Larra\u00edn, permiti\u00f3 que un grupo de estudiantes del Centro de Apoyo para la Integraci\u00f3n Social de Antofagasta finalizara con \u00e9xito su curso, fortaleciendo competencias laborales y apoyando procesos de reinserci\u00f3n social en la regi\u00f3n. Con una emotiva ceremonia de [&hellip;]<\/p>\n","protected":false},"author":3,"featured_media":4227,"comment_status":"closed","ping_status":"closed","sticky":false,"template":"","format":"standard","meta":{"footnotes":""},"categories":[1],"tags":[],"class_list":["post-4226","post","type-post","status-publish","format-standard","has-post-thumbnail","hentry","category-sin-categoria"],"_links":{"self":[{"href":"https:\/\/dosbarbas.cl\/web\/wp-json\/wp\/v2\/posts\/4226","targetHints":{"allow":["GET"]}}],"collection":[{"href":"https:\/\/dosbarbas.cl\/web\/wp-json\/wp\/v2\/posts"}],"about":[{"href":"https:\/\/dosbarbas.cl\/web\/wp-json\/wp\/v2\/types\/post"}],"author":[{"embeddable":true,"href":"https:\/\/dosbarbas.cl\/web\/wp-json\/wp\/v2\/users\/3"}],"replies":[{"embeddable":true,"href":"https:\/\/dosbarbas.cl\/web\/wp-json\/wp\/v2\/comments?post=4226"}],"version-history":[{"count":1,"href":"https:\/\/dosbarbas.cl\/web\/wp-json\/wp\/v2\/posts\/4226\/revisions"}],"predecessor-version":[{"id":4228,"href":"https:\/\/dosbarbas.cl\/web\/wp-json\/wp\/v2\/posts\/4226\/revisions\/4228"}],"wp:featuredmedia":[{"embeddable":true,"href":"https:\/\/dosbarbas.cl\/web\/wp-json\/wp\/v2\/media\/4227"}],"wp:attachment":[{"href":"https:\/\/dosbarbas.cl\/web\/wp-json\/wp\/v2\/media?parent=4226"}],"wp:term":[{"taxonomy":"category","embeddable":true,"href":"https:\/\/dosbarbas.cl\/web\/wp-json\/wp\/v2\/categories?post=4226"},{"taxonomy":"post_tag","embeddable":true,"href":"https:\/\/dosbarbas.cl\/web\/wp-json\/wp\/v2\/tags?post=4226"}],"curies":[{"name":"wp","href":"https:\/\/api.w.org\/{rel}","templated":true}]}}