{"id":4238,"date":"2026-01-08T10:44:18","date_gmt":"2026-01-08T13:44:18","guid":{"rendered":"https:\/\/dosbarbas.cl\/web\/?p=4238"},"modified":"2026-03-17T11:40:57","modified_gmt":"2026-03-17T14:40:57","slug":"programa-formando-futuro-de-cmp-logra-capacitar-a-101-vecinos-de-atacama-y-coquimbo","status":"publish","type":"post","link":"https:\/\/dosbarbas.cl\/web\/programa-formando-futuro-de-cmp-logra-capacitar-a-101-vecinos-de-atacama-y-coquimbo\/","title":{"rendered":"Programa Formando Futuro de CMP logra capacitar a 101 vecinos de Atacama y Coquimbo"},"content":{"rendered":"<h2 style=\"text-align: center;\"><span style=\"color: #ff6600;\">El programa que abarc\u00f3 los valles de Copiap\u00f3, Huasco y Elqui, permiti\u00f3 a vecinos y vecinas de las comunidades beneficiadas, participar en cursos de manejo de equipos m\u00f3viles, instalaciones el\u00e9ctricas, bodega y log\u00edstica, primeros auxilios y uso de extintores.<\/span><\/h2>\n<p>&nbsp;<\/p>\n<p>La iniciativa impulsada y financiada por Compa\u00f1\u00eda Minera del Pac\u00edfico (CMP), a trav\u00e9s de la Franquicia Tributaria de SENCE, coordinada por OTIC C\u00e1mara Chilena de la Construcci\u00f3n (CChC) e implementada por Dos Barbas, permiti\u00f3 generar procesos de formaci\u00f3n t\u00e9cnica de calidad a diversas localidades del norte chico.<\/p>\n<p>En total 101 participantes fueron parte de Formando Futuro. En en caso de la Regi\u00f3n de Atacama, <strong><span style=\"color: #ff6600;\">46 vecinos y vecinas de Canto del Agua, Caldera y Tierra Amarilla<\/span><\/strong> participaron en cursos de Manejo de maquinaria pesada (gr\u00faa horquilla y retroexcavadora), Bodega y log\u00edstica, y Primeros auxilios y uso de extintores.<\/p>\n<p>En la Regi\u00f3n de Coquimbo, en tanto, <strong><span style=\"color: #ff6600;\">55 personas de El Romeral, Guayac\u00e1n y Caleta Los Hornos<\/span><\/strong> se capacitaron en Manejo de equipos m\u00f3viles (gr\u00faa horquilla y retroexcavadora), Instalaciones el\u00e9ctricas Clase D SEC, y Corte y confecci\u00f3n.<\/p>\n<p>El proceso formativo combin\u00f3 clases e-learning, formaci\u00f3n te\u00f3rica y pr\u00e1ctica, permitiendo a los participantes adquirir herramientas concretas para mejorar sus oportunidades laborales, potenciar emprendimientos y fortalecer el tejido productivo local.<\/p>\n<p>&nbsp;<\/p>\n<p><strong>Capacidades que permanecen en el territorio<\/strong><\/p>\n<p>En el marco del cierre del programa, <span style=\"color: #ff6600;\"><strong>Sandra Ort\u00edz<\/strong><\/span>, superintendente de Relacionamiento y Valor Territorial de CMP, destac\u00f3 el sentido y continuidad de esta iniciativa, se\u00f1alando que:<\/p>\n<h2 style=\"text-align: center;\"><span style=\"color: #ff6600;\">\u201c<em>En CMP queremos que las personas de las comunidades crezcan junto a nosotros. Por ello, desarrollamos permanentemente programas que les permitan capacitarse, formarse y adquirir herramientas \u00fatiles para su presente y su futuro, con contenidos pertinentes a sus realidades y necesidades<\/em>\u201d.<\/span><\/h2>\n<p>&nbsp;<\/p>\n<p>En tanto, desde las direcciones regionales de Sence, valoraron la iniciativa. <span style=\"color: #ff6600;\"><strong>Francisco Mu\u00f1oz<\/strong><\/span>, director regional (s) en Atacama, expres\u00f3 que \u201c<em><span style=\"color: #ff6600;\">En el servicio nos complace ser parte de estas capacitaciones que permitieron la formaci\u00f3n integral de vecinos y vecinas de la regi\u00f3n, fortaleciendo sus competencias laborales y contribuyendo a mejorar sus oportunidades de inserci\u00f3n y desarrollo en el mundo del trabajo<\/span><\/em>\u201d.<\/p>\n<p>A su vez, <span style=\"color: #ff6600;\"><strong>Eduardo Toro<\/strong><\/span>, director regional (s) de Sence Coquimbo, dio realce al conocimiento y uso de la Franquicia tributaria por parte de empresas como CMP, ya que \u201c<em><span style=\"color: #ff6600;\">es una herramienta concreta que permite invertir en las personas y en el desarrollo de los territorios. Cuando una empresa destina estos recursos a capacitar, no solo fortalece sus propios procesos productivos, sino que tambi\u00e9n abre nuevas oportunidades de empleabilidad para vecinas y vecinos, mejorando su calidad de vida y aportando al crecimiento sostenible de la regi\u00f3n<\/span><\/em>\u201d.<\/p>\n<p>&nbsp;<\/p>\n<p><strong>Aprendizajes que transforman<\/strong><\/p>\n<p>Desde las comunidades beneficiadas, dirigentes y participantes coincidieron en el impacto positivo de acceder a capacitaci\u00f3n de calidad en sus propias localidades.<\/p>\n<p>En Atacama, <span style=\"color: #ff6600;\"><strong>Jessica Araya<\/strong><\/span>, vecina de Canto del Agua y participante del curso de Primeros auxilios, relat\u00f3 c\u00f3mo los conocimientos adquiridos le permitieron actuar en un accidente de tr\u00e1nsito ocurrido d\u00edas despu\u00e9s de finalizar la capacitaci\u00f3n, prestando ayuda a los afectados hasta la llegada de la ambulancia. \u201c<em><span style=\"color: #ff6600;\">Si no hubiese hecho este curso, creo que ni siquiera me habr\u00eda acercado. Pero empec\u00e9 a recordar lo aprendido y me arm\u00e9 de valent\u00eda<\/span><\/em>\u201d, se\u00f1al\u00f3.<\/p>\n<p>En tanto, en Tierra Amarilla, Viviana Cerda, participante del curso de Manejo de maquinaria pesada en Gr\u00faa Horquilla, valor\u00f3 la oportunidad entregada por el programa:<\/p>\n<h2 style=\"text-align: center;\"><span style=\"color: #ff6600;\">\u201c<em>Era algo que llevaba mucho tiempo esperando. Con esto podr\u00e9 darles mayor estabilidad y mejores estudios a mis hijos<\/em>\u201d.<\/span><\/h2>\n<p>&nbsp;<\/p>\n<p>De manera similar, en la regi\u00f3n de Coquimbo, <span style=\"color: #ff6600;\"><strong>Jos\u00e9 Alfredo Mar\u00edn<\/strong><\/span>, presidente de la Junta de Vecinos N\u00b013 de Guayac\u00e1n y graduado del curso de manejo de equipos m\u00f3viles, hizo eco de su comunidad asegurando que la capacitaci\u00f3n \u201c<em><span style=\"color: #ff6600;\">era muy esperada por todos, ya que abre oportunidades laborales y entrega conocimientos fundamentales para desempe\u00f1arse de manera segura en distintos contextos de trabajo<\/span><\/em>\u201d<\/p>\n<p>En la misma l\u00ednea, <span style=\"color: #ff6600;\"><strong>Rodrigo Campos<\/strong><\/span>, vecino de Caleta Los Hornos y graduado en instalaciones el\u00e9ctricas clase D, destac\u00f3 la calidad del proceso formativo y el acompa\u00f1amiento recibido durante el curso, se\u00f1alando que la experiencia le permiti\u00f3 ampliar sus horizontes de desarrollo y proyectar nuevas oportunidades a futuro.<\/p>\n<p>Con el desarrollo de Formando Futuro en Atacama y Coquimbo, CMP reafirma su compromiso con el desarrollo territorial, utilizando la franquicia tributaria de SENCE como una herramienta concreta para fortalecer capacidades t\u00e9cnicas, promover la empleabilidad y contribuir al progreso sostenible de las comunidades del norte chico.<\/p>\n<div id='gallery-1' class='gallery galleryid-4238 gallery-columns-3 gallery-size-large'><figure class='gallery-item'>\n\t\t\t<div class='gallery-icon landscape'>\n\t\t\t\t<a href='https:\/\/dosbarbas.cl\/web\/wp-content\/uploads\/2026\/03\/Tierra-Amarilla-e1773756521129.jpg'><img fetchpriority=\"high\" decoding=\"async\" width=\"800\" height=\"491\" src=\"https:\/\/dosbarbas.cl\/web\/wp-content\/uploads\/2026\/03\/Tierra-Amarilla-e1773756521129-1024x628.jpg\" class=\"attachment-large size-large\" alt=\"\" aria-describedby=\"gallery-1-4249\" srcset=\"https:\/\/dosbarbas.cl\/web\/wp-content\/uploads\/2026\/03\/Tierra-Amarilla-e1773756521129-1024x628.jpg 1024w, https:\/\/dosbarbas.cl\/web\/wp-content\/uploads\/2026\/03\/Tierra-Amarilla-e1773756521129-300x184.jpg 300w, https:\/\/dosbarbas.cl\/web\/wp-content\/uploads\/2026\/03\/Tierra-Amarilla-e1773756521129-768x471.jpg 768w, https:\/\/dosbarbas.cl\/web\/wp-content\/uploads\/2026\/03\/Tierra-Amarilla-e1773756521129.jpg 1179w\" sizes=\"(max-width: 800px) 100vw, 800px\" \/><\/a>\n\t\t\t<\/div>\n\t\t\t\t<figcaption class='wp-caption-text gallery-caption' id='gallery-1-4249'>\n\t\t\t\tCierre Tierra Amarilla\n\t\t\t\t<\/figcaption><\/figure><figure class='gallery-item'>\n\t\t\t<div class='gallery-icon landscape'>\n\t\t\t\t<a href='https:\/\/dosbarbas.cl\/web\/wp-content\/uploads\/2026\/03\/Canto-del-Agua-scaled-e1773756559941.jpg'><img decoding=\"async\" width=\"800\" height=\"532\" src=\"https:\/\/dosbarbas.cl\/web\/wp-content\/uploads\/2026\/03\/Canto-del-Agua-scaled-e1773756559941-1024x681.jpg\" class=\"attachment-large size-large\" alt=\"\" aria-describedby=\"gallery-1-4242\" srcset=\"https:\/\/dosbarbas.cl\/web\/wp-content\/uploads\/2026\/03\/Canto-del-Agua-scaled-e1773756559941-1024x681.jpg 1024w, https:\/\/dosbarbas.cl\/web\/wp-content\/uploads\/2026\/03\/Canto-del-Agua-scaled-e1773756559941-300x200.jpg 300w, https:\/\/dosbarbas.cl\/web\/wp-content\/uploads\/2026\/03\/Canto-del-Agua-scaled-e1773756559941-768x511.jpg 768w, https:\/\/dosbarbas.cl\/web\/wp-content\/uploads\/2026\/03\/Canto-del-Agua-scaled-e1773756559941-1536x1022.jpg 1536w, https:\/\/dosbarbas.cl\/web\/wp-content\/uploads\/2026\/03\/Canto-del-Agua-scaled-e1773756559941.jpg 2013w\" sizes=\"(max-width: 800px) 100vw, 800px\" \/><\/a>\n\t\t\t<\/div>\n\t\t\t\t<figcaption class='wp-caption-text gallery-caption' id='gallery-1-4242'>\n\t\t\t\tCierre Canto del Agua\n\t\t\t\t<\/figcaption><\/figure><figure class='gallery-item'>\n\t\t\t<div class='gallery-icon landscape'>\n\t\t\t\t<a href='https:\/\/dosbarbas.cl\/web\/wp-content\/uploads\/2026\/03\/Caldera-scaled.jpg'><img decoding=\"async\" width=\"800\" height=\"534\" src=\"https:\/\/dosbarbas.cl\/web\/wp-content\/uploads\/2026\/03\/Caldera-1024x683.jpg\" class=\"attachment-large size-large\" alt=\"\" aria-describedby=\"gallery-1-4251\" srcset=\"https:\/\/dosbarbas.cl\/web\/wp-content\/uploads\/2026\/03\/Caldera-1024x683.jpg 1024w, https:\/\/dosbarbas.cl\/web\/wp-content\/uploads\/2026\/03\/Caldera-300x200.jpg 300w, https:\/\/dosbarbas.cl\/web\/wp-content\/uploads\/2026\/03\/Caldera-768x512.jpg 768w, https:\/\/dosbarbas.cl\/web\/wp-content\/uploads\/2026\/03\/Caldera-1536x1024.jpg 1536w, https:\/\/dosbarbas.cl\/web\/wp-content\/uploads\/2026\/03\/Caldera-2048x1365.jpg 2048w\" sizes=\"(max-width: 800px) 100vw, 800px\" \/><\/a>\n\t\t\t<\/div>\n\t\t\t\t<figcaption class='wp-caption-text gallery-caption' id='gallery-1-4251'>\n\t\t\t\tCierre Caldera\n\t\t\t\t<\/figcaption><\/figure><figure class='gallery-item'>\n\t\t\t<div class='gallery-icon landscape'>\n\t\t\t\t<a href='https:\/\/dosbarbas.cl\/web\/wp-content\/uploads\/2026\/03\/Caleta-Los-Hornos-1-scaled.jpg'><img loading=\"lazy\" decoding=\"async\" width=\"800\" height=\"450\" src=\"https:\/\/dosbarbas.cl\/web\/wp-content\/uploads\/2026\/03\/Caleta-Los-Hornos-1-1024x576.jpg\" class=\"attachment-large size-large\" alt=\"\" aria-describedby=\"gallery-1-4252\" srcset=\"https:\/\/dosbarbas.cl\/web\/wp-content\/uploads\/2026\/03\/Caleta-Los-Hornos-1-1024x576.jpg 1024w, https:\/\/dosbarbas.cl\/web\/wp-content\/uploads\/2026\/03\/Caleta-Los-Hornos-1-300x169.jpg 300w, https:\/\/dosbarbas.cl\/web\/wp-content\/uploads\/2026\/03\/Caleta-Los-Hornos-1-768x432.jpg 768w, https:\/\/dosbarbas.cl\/web\/wp-content\/uploads\/2026\/03\/Caleta-Los-Hornos-1-1536x864.jpg 1536w, https:\/\/dosbarbas.cl\/web\/wp-content\/uploads\/2026\/03\/Caleta-Los-Hornos-1-2048x1152.jpg 2048w\" sizes=\"(max-width: 800px) 100vw, 800px\" \/><\/a>\n\t\t\t<\/div>\n\t\t\t\t<figcaption class='wp-caption-text gallery-caption' id='gallery-1-4252'>\n\t\t\t\tCierre Caleta Los Hornos\n\t\t\t\t<\/figcaption><\/figure><figure class='gallery-item'>\n\t\t\t<div class='gallery-icon landscape'>\n\t\t\t\t<a href='https:\/\/dosbarbas.cl\/web\/wp-content\/uploads\/2026\/03\/El-Romeral-1-scaled.jpg'><img loading=\"lazy\" decoding=\"async\" width=\"800\" height=\"450\" src=\"https:\/\/dosbarbas.cl\/web\/wp-content\/uploads\/2026\/03\/El-Romeral-1-1024x576.jpg\" class=\"attachment-large size-large\" alt=\"\" aria-describedby=\"gallery-1-4243\" srcset=\"https:\/\/dosbarbas.cl\/web\/wp-content\/uploads\/2026\/03\/El-Romeral-1-1024x576.jpg 1024w, https:\/\/dosbarbas.cl\/web\/wp-content\/uploads\/2026\/03\/El-Romeral-1-300x169.jpg 300w, https:\/\/dosbarbas.cl\/web\/wp-content\/uploads\/2026\/03\/El-Romeral-1-768x432.jpg 768w, https:\/\/dosbarbas.cl\/web\/wp-content\/uploads\/2026\/03\/El-Romeral-1-1536x864.jpg 1536w, https:\/\/dosbarbas.cl\/web\/wp-content\/uploads\/2026\/03\/El-Romeral-1-2048x1152.jpg 2048w\" sizes=\"(max-width: 800px) 100vw, 800px\" \/><\/a>\n\t\t\t<\/div>\n\t\t\t\t<figcaption class='wp-caption-text gallery-caption' id='gallery-1-4243'>\n\t\t\t\tCierre El Romeral\n\t\t\t\t<\/figcaption><\/figure><figure class='gallery-item'>\n\t\t\t<div class='gallery-icon landscape'>\n\t\t\t\t<a href='https:\/\/dosbarbas.cl\/web\/wp-content\/uploads\/2026\/03\/Guayacan-1-scaled.jpg'><img loading=\"lazy\" decoding=\"async\" width=\"800\" height=\"450\" src=\"https:\/\/dosbarbas.cl\/web\/wp-content\/uploads\/2026\/03\/Guayacan-1-1024x576.jpg\" class=\"attachment-large size-large\" alt=\"\" aria-describedby=\"gallery-1-4244\" srcset=\"https:\/\/dosbarbas.cl\/web\/wp-content\/uploads\/2026\/03\/Guayacan-1-1024x576.jpg 1024w, https:\/\/dosbarbas.cl\/web\/wp-content\/uploads\/2026\/03\/Guayacan-1-300x169.jpg 300w, https:\/\/dosbarbas.cl\/web\/wp-content\/uploads\/2026\/03\/Guayacan-1-768x432.jpg 768w, https:\/\/dosbarbas.cl\/web\/wp-content\/uploads\/2026\/03\/Guayacan-1-1536x864.jpg 1536w, https:\/\/dosbarbas.cl\/web\/wp-content\/uploads\/2026\/03\/Guayacan-1-2048x1152.jpg 2048w\" sizes=\"(max-width: 800px) 100vw, 800px\" \/><\/a>\n\t\t\t<\/div>\n\t\t\t\t<figcaption class='wp-caption-text gallery-caption' id='gallery-1-4244'>\n\t\t\t\tCierre Guayac\u00e1n\n\t\t\t\t<\/figcaption><\/figure><figure class='gallery-item'>\n\t\t\t<div class='gallery-icon landscape'>\n\t\t\t\t<a href='https:\/\/dosbarbas.cl\/web\/wp-content\/uploads\/2026\/03\/Tierra-Amarilla-2.jpg'><img loading=\"lazy\" decoding=\"async\" width=\"800\" height=\"556\" src=\"https:\/\/dosbarbas.cl\/web\/wp-content\/uploads\/2026\/03\/Tierra-Amarilla-2.jpg\" class=\"attachment-large size-large\" alt=\"\" aria-describedby=\"gallery-1-4248\" srcset=\"https:\/\/dosbarbas.cl\/web\/wp-content\/uploads\/2026\/03\/Tierra-Amarilla-2.jpg 967w, https:\/\/dosbarbas.cl\/web\/wp-content\/uploads\/2026\/03\/Tierra-Amarilla-2-300x208.jpg 300w, https:\/\/dosbarbas.cl\/web\/wp-content\/uploads\/2026\/03\/Tierra-Amarilla-2-768x534.jpg 768w\" sizes=\"(max-width: 800px) 100vw, 800px\" \/><\/a>\n\t\t\t<\/div>\n\t\t\t\t<figcaption class='wp-caption-text gallery-caption' id='gallery-1-4248'>\n\t\t\t\tPr\u00e1ctico Tierra Amarilla\n\t\t\t\t<\/figcaption><\/figure><figure class='gallery-item'>\n\t\t\t<div class='gallery-icon landscape'>\n\t\t\t\t<a href='https:\/\/dosbarbas.cl\/web\/wp-content\/uploads\/2026\/03\/Canto-del-Agua-2.jpg'><img loading=\"lazy\" decoding=\"async\" width=\"800\" height=\"484\" src=\"https:\/\/dosbarbas.cl\/web\/wp-content\/uploads\/2026\/03\/Canto-del-Agua-2.jpg\" class=\"attachment-large size-large\" alt=\"\" aria-describedby=\"gallery-1-4241\" srcset=\"https:\/\/dosbarbas.cl\/web\/wp-content\/uploads\/2026\/03\/Canto-del-Agua-2.jpg 1023w, https:\/\/dosbarbas.cl\/web\/wp-content\/uploads\/2026\/03\/Canto-del-Agua-2-300x182.jpg 300w, https:\/\/dosbarbas.cl\/web\/wp-content\/uploads\/2026\/03\/Canto-del-Agua-2-768x465.jpg 768w\" sizes=\"(max-width: 800px) 100vw, 800px\" \/><\/a>\n\t\t\t<\/div>\n\t\t\t\t<figcaption class='wp-caption-text gallery-caption' id='gallery-1-4241'>\n\t\t\t\tPr\u00e1ctico Canto del Agua\n\t\t\t\t<\/figcaption><\/figure><figure class='gallery-item'>\n\t\t\t<div class='gallery-icon landscape'>\n\t\t\t\t<a href='https:\/\/dosbarbas.cl\/web\/wp-content\/uploads\/2026\/03\/Caldera-2.jpg'><img loading=\"lazy\" decoding=\"async\" width=\"800\" height=\"450\" src=\"https:\/\/dosbarbas.cl\/web\/wp-content\/uploads\/2026\/03\/Caldera-2-1024x576.jpg\" class=\"attachment-large size-large\" alt=\"\" aria-describedby=\"gallery-1-4250\" srcset=\"https:\/\/dosbarbas.cl\/web\/wp-content\/uploads\/2026\/03\/Caldera-2-1024x576.jpg 1024w, https:\/\/dosbarbas.cl\/web\/wp-content\/uploads\/2026\/03\/Caldera-2-300x169.jpg 300w, https:\/\/dosbarbas.cl\/web\/wp-content\/uploads\/2026\/03\/Caldera-2-768x432.jpg 768w, https:\/\/dosbarbas.cl\/web\/wp-content\/uploads\/2026\/03\/Caldera-2-1536x864.jpg 1536w, https:\/\/dosbarbas.cl\/web\/wp-content\/uploads\/2026\/03\/Caldera-2.jpg 1600w\" sizes=\"(max-width: 800px) 100vw, 800px\" \/><\/a>\n\t\t\t<\/div>\n\t\t\t\t<figcaption class='wp-caption-text gallery-caption' id='gallery-1-4250'>\n\t\t\t\tPr\u00e1ctica Caldera\n\t\t\t\t<\/figcaption><\/figure><figure class='gallery-item'>\n\t\t\t<div class='gallery-icon portrait'>\n\t\t\t\t<a href='https:\/\/dosbarbas.cl\/web\/wp-content\/uploads\/2026\/03\/Caleta-LosHornos-2.jpg'><img loading=\"lazy\" decoding=\"async\" width=\"771\" height=\"1024\" src=\"https:\/\/dosbarbas.cl\/web\/wp-content\/uploads\/2026\/03\/Caleta-LosHornos-2-771x1024.jpg\" class=\"attachment-large size-large\" alt=\"\" aria-describedby=\"gallery-1-4240\" srcset=\"https:\/\/dosbarbas.cl\/web\/wp-content\/uploads\/2026\/03\/Caleta-LosHornos-2-771x1024.jpg 771w, https:\/\/dosbarbas.cl\/web\/wp-content\/uploads\/2026\/03\/Caleta-LosHornos-2-226x300.jpg 226w, https:\/\/dosbarbas.cl\/web\/wp-content\/uploads\/2026\/03\/Caleta-LosHornos-2-768x1021.jpg 768w, https:\/\/dosbarbas.cl\/web\/wp-content\/uploads\/2026\/03\/Caleta-LosHornos-2-1156x1536.jpg 1156w, https:\/\/dosbarbas.cl\/web\/wp-content\/uploads\/2026\/03\/Caleta-LosHornos-2.jpg 1204w\" sizes=\"(max-width: 771px) 100vw, 771px\" \/><\/a>\n\t\t\t<\/div>\n\t\t\t\t<figcaption class='wp-caption-text gallery-caption' id='gallery-1-4240'>\n\t\t\t\tPr\u00e1ctico Caleta Los Hornos\n\t\t\t\t<\/figcaption><\/figure><figure class='gallery-item'>\n\t\t\t<div class='gallery-icon portrait'>\n\t\t\t\t<a href='https:\/\/dosbarbas.cl\/web\/wp-content\/uploads\/2026\/03\/image004.jpg'><img loading=\"lazy\" decoding=\"async\" width=\"768\" height=\"1024\" src=\"https:\/\/dosbarbas.cl\/web\/wp-content\/uploads\/2026\/03\/image004-768x1024.jpg\" class=\"attachment-large size-large\" alt=\"\" aria-describedby=\"gallery-1-4247\" srcset=\"https:\/\/dosbarbas.cl\/web\/wp-content\/uploads\/2026\/03\/image004-768x1024.jpg 768w, https:\/\/dosbarbas.cl\/web\/wp-content\/uploads\/2026\/03\/image004-225x300.jpg 225w, https:\/\/dosbarbas.cl\/web\/wp-content\/uploads\/2026\/03\/image004-1152x1536.jpg 1152w, https:\/\/dosbarbas.cl\/web\/wp-content\/uploads\/2026\/03\/image004.jpg 1200w\" sizes=\"(max-width: 768px) 100vw, 768px\" \/><\/a>\n\t\t\t<\/div>\n\t\t\t\t<figcaption class='wp-caption-text gallery-caption' id='gallery-1-4247'>\n\t\t\t\tPr\u00e1ctico El Romeral\n\t\t\t\t<\/figcaption><\/figure><figure class='gallery-item'>\n\t\t\t<div class='gallery-icon landscape'>\n\t\t\t\t<a href='https:\/\/dosbarbas.cl\/web\/wp-content\/uploads\/2026\/03\/image002.jpg'><img loading=\"lazy\" decoding=\"async\" width=\"800\" height=\"600\" src=\"https:\/\/dosbarbas.cl\/web\/wp-content\/uploads\/2026\/03\/image002-1024x768.jpg\" class=\"attachment-large size-large\" alt=\"\" aria-describedby=\"gallery-1-4246\" srcset=\"https:\/\/dosbarbas.cl\/web\/wp-content\/uploads\/2026\/03\/image002-1024x768.jpg 1024w, https:\/\/dosbarbas.cl\/web\/wp-content\/uploads\/2026\/03\/image002-300x225.jpg 300w, https:\/\/dosbarbas.cl\/web\/wp-content\/uploads\/2026\/03\/image002-768x576.jpg 768w, https:\/\/dosbarbas.cl\/web\/wp-content\/uploads\/2026\/03\/image002-1536x1152.jpg 1536w, https:\/\/dosbarbas.cl\/web\/wp-content\/uploads\/2026\/03\/image002.jpg 1600w\" sizes=\"(max-width: 800px) 100vw, 800px\" \/><\/a>\n\t\t\t<\/div>\n\t\t\t\t<figcaption class='wp-caption-text gallery-caption' id='gallery-1-4246'>\n\t\t\t\tPr\u00e1ctico El Romeral 2\n\t\t\t\t<\/figcaption><\/figure><figure class='gallery-item'>\n\t\t\t<div class='gallery-icon landscape'>\n\t\t\t\t<a href='https:\/\/dosbarbas.cl\/web\/wp-content\/uploads\/2026\/03\/Guayacan-2.jpeg'><img loading=\"lazy\" decoding=\"async\" width=\"800\" height=\"450\" src=\"https:\/\/dosbarbas.cl\/web\/wp-content\/uploads\/2026\/03\/Guayacan-2-1024x576.jpeg\" class=\"attachment-large size-large\" alt=\"\" aria-describedby=\"gallery-1-4245\" srcset=\"https:\/\/dosbarbas.cl\/web\/wp-content\/uploads\/2026\/03\/Guayacan-2-1024x576.jpeg 1024w, https:\/\/dosbarbas.cl\/web\/wp-content\/uploads\/2026\/03\/Guayacan-2-300x169.jpeg 300w, https:\/\/dosbarbas.cl\/web\/wp-content\/uploads\/2026\/03\/Guayacan-2-768x432.jpeg 768w, https:\/\/dosbarbas.cl\/web\/wp-content\/uploads\/2026\/03\/Guayacan-2-1536x864.jpeg 1536w, https:\/\/dosbarbas.cl\/web\/wp-content\/uploads\/2026\/03\/Guayacan-2.jpeg 1600w\" sizes=\"(max-width: 800px) 100vw, 800px\" \/><\/a>\n\t\t\t<\/div>\n\t\t\t\t<figcaption class='wp-caption-text gallery-caption' id='gallery-1-4245'>\n\t\t\t\tPr\u00e1ctico Guayac\u00e1n\n\t\t\t\t<\/figcaption><\/figure>\n\t\t<\/div>\n\n<p>&nbsp;<\/p>\n<p>&nbsp;<\/p>\n","protected":false},"excerpt":{"rendered":"<p>El programa que abarc\u00f3 los valles de Copiap\u00f3, Huasco y Elqui, permiti\u00f3 a vecinos y vecinas de las comunidades beneficiadas, participar en cursos de manejo de equipos m\u00f3viles, instalaciones el\u00e9ctricas, bodega y log\u00edstica, primeros auxilios y uso de extintores. &nbsp; La iniciativa impulsada y financiada por Compa\u00f1\u00eda Minera del Pac\u00edfico (CMP), a trav\u00e9s de la [&hellip;]<\/p>\n","protected":false},"author":2,"featured_media":4242,"comment_status":"closed","ping_status":"closed","sticky":false,"template":"","format":"standard","meta":{"footnotes":""},"categories":[1],"tags":[11,16,21,14,19,10,13,18,12,17,20],"class_list":["post-4238","post","type-post","status-publish","format-standard","has-post-thumbnail","hentry","category-sin-categoria","tag-capacitacion","tag-cmp","tag-comunidad","tag-copiapo","tag-coquimbo","tag-dos-barbas","tag-educacion","tag-elqui","tag-formacion","tag-huasco","tag-sence"],"_links":{"self":[{"href":"https:\/\/dosbarbas.cl\/web\/wp-json\/wp\/v2\/posts\/4238","targetHints":{"allow":["GET"]}}],"collection":[{"href":"https:\/\/dosbarbas.cl\/web\/wp-json\/wp\/v2\/posts"}],"about":[{"href":"https:\/\/dosbarbas.cl\/web\/wp-json\/wp\/v2\/types\/post"}],"author":[{"embeddable":true,"href":"https:\/\/dosbarbas.cl\/web\/wp-json\/wp\/v2\/users\/2"}],"replies":[{"embeddable":true,"href":"https:\/\/dosbarbas.cl\/web\/wp-json\/wp\/v2\/comments?post=4238"}],"version-history":[{"count":6,"href":"https:\/\/dosbarbas.cl\/web\/wp-json\/wp\/v2\/posts\/4238\/revisions"}],"predecessor-version":[{"id":4258,"href":"https:\/\/dosbarbas.cl\/web\/wp-json\/wp\/v2\/posts\/4238\/revisions\/4258"}],"wp:featuredmedia":[{"embeddable":true,"href":"https:\/\/dosbarbas.cl\/web\/wp-json\/wp\/v2\/media\/4242"}],"wp:attachment":[{"href":"https:\/\/dosbarbas.cl\/web\/wp-json\/wp\/v2\/media?parent=4238"}],"wp:term":[{"taxonomy":"category","embeddable":true,"href":"https:\/\/dosbarbas.cl\/web\/wp-json\/wp\/v2\/categories?post=4238"},{"taxonomy":"post_tag","embeddable":true,"href":"https:\/\/dosbarbas.cl\/web\/wp-json\/wp\/v2\/tags?post=4238"}],"curies":[{"name":"wp","href":"https:\/\/api.w.org\/{rel}","templated":true}]}}